{"id":2723,"date":"2026-02-02T11:45:44","date_gmt":"2026-02-02T11:45:44","guid":{"rendered":"https:\/\/ong-aed.org\/?p=2723"},"modified":"2026-02-02T11:45:45","modified_gmt":"2026-02-02T11:45:45","slug":"bassiknou-debut-dune-formation-innovante-pour-les-enseignants-des-classes-de-reinsertion","status":"publish","type":"post","link":"https:\/\/ong-aed.org\/?p=2723","title":{"rendered":"Bassiknou : D\u00e9but d\u2019une formation innovante pour les enseignants des classes de r\u00e9insertion"},"content":{"rendered":"\n<div class=\"wp-block-uagb-container uagb-block-86159a24 alignfull uagb-is-root-container\"><div class=\"uagb-container-inner-blocks-wrap\">\n<div class=\"wp-block-uagb-advanced-heading uagb-block-bca603d5\"><h2 class=\"uagb-heading-text\">Bassiknou 24 janvier 2026,les enseignants des communes de Fassala et Megv\u00e9 ainsi que ceux du camp de M\u2019berra ont entam\u00e9 aujourd\u2019hui une formation in\u00e9dite \u00e0 l\u2019Inspection de l\u2019\u00c9ducation de Bassiknou (BSK). Organis\u00e9e par l\u2019ONG AED partenaire de l\u2019UNICEF en collaboration avec l\u2019IDEN de BSK, cette initiative vise \u00e0 renforcer les comp\u00e9tences p\u00e9dagogiques des enseignants notamment ceux charg\u00e9s de la gestion des classes de r\u00e9insertion scolaire.<br>Au programme : un focus sur les Comp\u00e9tences de la Vie Courante (CVC), des th\u00e9matiques pratiques destin\u00e9es \u00e0 mieux accompagner les \u00e9l\u00e8ves dans leur quotidien et \u00e0 am\u00e9liorer la qualit\u00e9 de l\u2019enseignement.<br>Les organisateurs esp\u00e8rent que cette formation contribuera \u00e0 rendre les classes plus inclusives et \u00e0 soutenir efficacement les \u00e9l\u00e8ves vuln\u00e9rables.<br>*Un syst\u00e8me \u00e9ducatif de qualit\u00e9, notre credo*<\/h2><\/div>\n<\/div><\/div>\n\n\n\n<div class=\"wp-block-uagb-image uagb-block-7d3a2c99 wp-block-uagb-image--layout-default wp-block-uagb-image--effect-static wp-block-uagb-image--align-none\"><figure class=\"wp-block-uagb-image__figure\"><img loading=\"lazy\" decoding=\"async\" srcset=\"https:\/\/ong-aed.org\/wp-content\/uploads\/2026\/02\/617118516_895669856194852_1061148477000821925_n-1024x768.jpg ,https:\/\/ong-aed.org\/wp-content\/uploads\/2026\/02\/617118516_895669856194852_1061148477000821925_n.jpg 780w, https:\/\/ong-aed.org\/wp-content\/uploads\/2026\/02\/617118516_895669856194852_1061148477000821925_n.jpg 360w\" sizes=\"auto, (max-width: 480px) 150px\" src=\"https:\/\/ong-aed.org\/wp-content\/uploads\/2026\/02\/617118516_895669856194852_1061148477000821925_n-1024x768.jpg\" alt=\"617118516 895669856194852 1061148477000821925 n\" class=\"uag-image-2511\" width=\"1024\" height=\"768\" title=\"617118516 895669856194852 1061148477000821925 n\" loading=\"lazy\" role=\"img\"\/><\/figure><\/div>\n","protected":false},"excerpt":{"rendered":"<p>Bassiknou 24 janvier 2026,les enseignants des communes de Fassala et Megv\u00e9 ainsi que ceux du camp de M\u2019berra ont entam\u00e9 aujourd\u2019hui une formation in\u00e9dite \u00e0 l\u2019Inspection de l\u2019\u00c9ducation de Bassiknou (BSK). Organis\u00e9e par l\u2019ONG AED partenaire de l\u2019UNICEF en collaboration avec l\u2019IDEN de BSK, cette initiative vise \u00e0 renforcer les comp\u00e9tences p\u00e9dagogiques des enseignants notamment [&hellip;]<\/p>\n","protected":false},"author":1,"featured_media":0,"comment_status":"open","ping_status":"open","sticky":false,"template":"","format":"standard","meta":{"_uag_custom_page_level_css":"","footnotes":""},"categories":[1],"tags":[],"class_list":["post-2723","post","type-post","status-publish","format-standard","hentry","category-uncategorized"],"aioseo_notices":[],"uagb_featured_image_src":{"full":false,"thumbnail":false,"medium":false,"medium_large":false,"large":false,"1536x1536":false,"2048x2048":false},"uagb_author_info":{"display_name":"sittithomassaintbernadin@gmail.com","author_link":"https:\/\/ong-aed.org\/?author=1"},"uagb_comment_info":0,"uagb_excerpt":"Bassiknou 24 janvier 2026,les enseignants des communes de Fassala et Megv\u00e9 ainsi que ceux du camp de M\u2019berra ont entam\u00e9 aujourd\u2019hui une formation in\u00e9dite \u00e0 l\u2019Inspection de l\u2019\u00c9ducation de Bassiknou (BSK). Organis\u00e9e par l\u2019ONG AED partenaire de l\u2019UNICEF en collaboration avec l\u2019IDEN de BSK, cette initiative vise \u00e0 renforcer les comp\u00e9tences p\u00e9dagogiques des enseignants notamment\u2026","_links":{"self":[{"href":"https:\/\/ong-aed.org\/index.php?rest_route=\/wp\/v2\/posts\/2723","targetHints":{"allow":["GET"]}}],"collection":[{"href":"https:\/\/ong-aed.org\/index.php?rest_route=\/wp\/v2\/posts"}],"about":[{"href":"https:\/\/ong-aed.org\/index.php?rest_route=\/wp\/v2\/types\/post"}],"author":[{"embeddable":true,"href":"https:\/\/ong-aed.org\/index.php?rest_route=\/wp\/v2\/users\/1"}],"replies":[{"embeddable":true,"href":"https:\/\/ong-aed.org\/index.php?rest_route=%2Fwp%2Fv2%2Fcomments&post=2723"}],"version-history":[{"count":1,"href":"https:\/\/ong-aed.org\/index.php?rest_route=\/wp\/v2\/posts\/2723\/revisions"}],"predecessor-version":[{"id":2724,"href":"https:\/\/ong-aed.org\/index.php?rest_route=\/wp\/v2\/posts\/2723\/revisions\/2724"}],"wp:attachment":[{"href":"https:\/\/ong-aed.org\/index.php?rest_route=%2Fwp%2Fv2%2Fmedia&parent=2723"}],"wp:term":[{"taxonomy":"category","embeddable":true,"href":"https:\/\/ong-aed.org\/index.php?rest_route=%2Fwp%2Fv2%2Fcategories&post=2723"},{"taxonomy":"post_tag","embeddable":true,"href":"https:\/\/ong-aed.org\/index.php?rest_route=%2Fwp%2Fv2%2Ftags&post=2723"}],"curies":[{"name":"wp","href":"https:\/\/api.w.org\/{rel}","templated":true}]}}